{"id":22154,"date":"2025-10-02T14:40:17","date_gmt":"2025-10-02T12:40:17","guid":{"rendered":"https:\/\/ciht.eu\/aron-grubesic\/"},"modified":"2025-10-03T15:26:18","modified_gmt":"2025-10-03T13:26:18","slug":"aron-grubesic","status":"publish","type":"post","link":"https:\/\/ciht.eu\/hr\/aron-grubesic\/","title":{"rendered":"Aron Grube\u0161i\u0107"},"content":{"rendered":"<p>[et_pb_section fb_built=&#8221;1&#8243; _builder_version=&#8221;4.27.4&#8243; _module_preset=&#8221;default&#8221; custom_padding=&#8221;0px||||false|false&#8221; global_colors_info=&#8221;{}&#8221; theme_builder_area=&#8221;post_content&#8221;][et_pb_row column_structure=&#8221;1_4,3_4&#8243; make_equal=&#8221;on&#8221; _builder_version=&#8221;4.27.4&#8243; _module_preset=&#8221;default&#8221; global_colors_info=&#8221;{}&#8221; theme_builder_area=&#8221;post_content&#8221;][et_pb_column type=&#8221;1_4&#8243; _builder_version=&#8221;4.27.4&#8243; _module_preset=&#8221;default&#8221; global_colors_info=&#8221;{}&#8221; theme_builder_area=&#8221;post_content&#8221;][et_pb_image src=&#8221;https:\/\/ciht.eu\/wp-content\/uploads\/2025\/10\/aron-grubesic-bio.jpg&#8221; title_text=&#8221;aron-grubesic-bio&#8221; _builder_version=&#8221;4.27.4&#8243; _module_preset=&#8221;default&#8221; hover_enabled=&#8221;0&#8243; border_radii=&#8221;on|20px|20px|20px|20px&#8221; global_colors_info=&#8221;{}&#8221; theme_builder_area=&#8221;post_content&#8221; sticky_enabled=&#8221;0&#8243;][\/et_pb_image][\/et_pb_column][et_pb_column type=&#8221;3_4&#8243; _builder_version=&#8221;4.27.4&#8243; _module_preset=&#8221;default&#8221; custom_padding=&#8221;|||2em|false|false&#8221; border_width_left=&#8221;2px&#8221; border_color_left=&#8221;#3aafbd&#8221; global_colors_info=&#8221;{}&#8221; theme_builder_area=&#8221;post_content&#8221;][et_pb_text _builder_version=&#8221;4.27.4&#8243; _module_preset=&#8221;default&#8221; header_2_font_size=&#8221;27px&#8221; hover_enabled=&#8221;0&#8243; header_2_font_size_tablet=&#8221;27px&#8221; header_2_font_size_phone=&#8221;27px&#8221; header_2_font_size_last_edited=&#8221;on|phone&#8221; global_colors_info=&#8221;{}&#8221; theme_builder_area=&#8221;post_content&#8221; sticky_enabled=&#8221;0&#8243;]<\/p>\n<h2>Aron Grube\u0161i\u0107<\/h2>\n<h5>Acibadem<\/h5>\n<p>[\/et_pb_text][et_pb_text _builder_version=&#8221;4.27.4&#8243; _module_preset=&#8221;default&#8221; hover_enabled=&#8221;0&#8243; global_colors_info=&#8221;{}&#8221; theme_builder_area=&#8221;post_content&#8221; sticky_enabled=&#8221;0&#8243;]<\/p>\n<p>Dr. Grube\u0161i\u0107 slu\u017ebeni je predstavnik Acibadem Healthcare Group za Hrvatsku. Diplomirao je na Medicinskom fakultetu Sveu\u010dili\u0161ta u Rijeci, a klini\u010dku ekspertizu usavr\u0161avao je tijekom dvogodi\u0161njeg boravka na University Hospitals Birmingham u Ujedinjenom Kraljevstvu, u sklopu presti\u017enog JSD fellowshipa pod mentorstvom prof. Charlesa Craddocka, s fokusom na transplantaciju ko\u0161tane sr\u017ei i akutne leukemije. Specijalist je hematologije u KBC-u Rijeka, \u010dlan je vi\u0161e me\u0111unarodnih stru\u010dnih dru\u0161tava i voditelj te sudionik u znanstvenim i klini\u010dkim ispitivanjima.  <\/p>\n<p>Punopravni je \u010dlan General Medical Councila Ujedinjenog Kraljevstva te nositelj licence za samostalan rad u Hrvatskoj. Dodatno se usavr\u0161avao u podru\u010dju upravljanja zdravstvenim sustavom, s ciljem povezivanja vrhunske me\u0111unarodne zdravstvene skrbi s potrebama pacijenata u regiji. Od 2019. godine sura\u0111uje s Acibadem grupacijom, a trenutno djeluje kao slu\u017ebeni predstavnik Acibadema za Hrvatsku te koordinator ureda Acibadema u Rijeci i Zagrebu.  <\/p>\n<p>[\/et_pb_text][\/et_pb_column][\/et_pb_row][\/et_pb_section]<\/p>\n","protected":false},"excerpt":{"rendered":"<p>Aron Grube\u0161i\u0107 AcibademDr. Grube\u0161i\u0107 slu\u017ebeni je predstavnik Acibadem Healthcare Group za Hrvatsku. Diplomirao je na Medicinskom fakultetu Sveu\u010dili\u0161ta u Rijeci, a klini\u010dku ekspertizu usavr\u0161avao je tijekom dvogodi\u0161njeg boravka na University Hospitals Birmingham u Ujedinjenom Kraljevstvu, u sklopu presti\u017enog JSD fellowshipa pod mentorstvom prof. Charlesa Craddocka, s fokusom na transplantaciju ko\u0161tane sr\u017ei i akutne leukemije. Specijalist [&hellip;]<\/p>\n","protected":false},"author":1,"featured_media":0,"comment_status":"closed","ping_status":"open","sticky":false,"template":"","format":"standard","meta":{"_et_pb_use_builder":"on","_et_pb_old_content":"","_et_gb_content_width":"","footnotes":""},"categories":[20],"tags":[],"class_list":["post-22154","post","type-post","status-publish","format-standard","hentry","category-speakers-hr"],"_links":{"self":[{"href":"https:\/\/ciht.eu\/hr\/wp-json\/wp\/v2\/posts\/22154","targetHints":{"allow":["GET"]}}],"collection":[{"href":"https:\/\/ciht.eu\/hr\/wp-json\/wp\/v2\/posts"}],"about":[{"href":"https:\/\/ciht.eu\/hr\/wp-json\/wp\/v2\/types\/post"}],"author":[{"embeddable":true,"href":"https:\/\/ciht.eu\/hr\/wp-json\/wp\/v2\/users\/1"}],"replies":[{"embeddable":true,"href":"https:\/\/ciht.eu\/hr\/wp-json\/wp\/v2\/comments?post=22154"}],"version-history":[{"count":5,"href":"https:\/\/ciht.eu\/hr\/wp-json\/wp\/v2\/posts\/22154\/revisions"}],"predecessor-version":[{"id":22162,"href":"https:\/\/ciht.eu\/hr\/wp-json\/wp\/v2\/posts\/22154\/revisions\/22162"}],"wp:attachment":[{"href":"https:\/\/ciht.eu\/hr\/wp-json\/wp\/v2\/media?parent=22154"}],"wp:term":[{"taxonomy":"category","embeddable":true,"href":"https:\/\/ciht.eu\/hr\/wp-json\/wp\/v2\/categories?post=22154"},{"taxonomy":"post_tag","embeddable":true,"href":"https:\/\/ciht.eu\/hr\/wp-json\/wp\/v2\/tags?post=22154"}],"curies":[{"name":"wp","href":"https:\/\/api.w.org\/{rel}","templated":true}]}}