{"id":22166,"date":"2025-10-02T15:56:50","date_gmt":"2025-10-02T13:56:50","guid":{"rendered":"https:\/\/ciht.eu\/jelena-holenko-pirc\/"},"modified":"2025-10-03T15:30:42","modified_gmt":"2025-10-03T13:30:42","slug":"jelena-holenko-pirc","status":"publish","type":"post","link":"https:\/\/ciht.eu\/hr\/jelena-holenko-pirc\/","title":{"rendered":"Jelena Holenko Pirc"},"content":{"rendered":"<p>[et_pb_section fb_built=&#8221;1&#8243; _builder_version=&#8221;4.27.4&#8243; _module_preset=&#8221;default&#8221; custom_padding=&#8221;0px||||false|false&#8221; global_colors_info=&#8221;{}&#8221; theme_builder_area=&#8221;post_content&#8221;][et_pb_row column_structure=&#8221;1_4,3_4&#8243; make_equal=&#8221;on&#8221; _builder_version=&#8221;4.27.4&#8243; _module_preset=&#8221;default&#8221; global_colors_info=&#8221;{}&#8221; theme_builder_area=&#8221;post_content&#8221;][et_pb_column type=&#8221;1_4&#8243; _builder_version=&#8221;4.27.4&#8243; _module_preset=&#8221;default&#8221; global_colors_info=&#8221;{}&#8221; theme_builder_area=&#8221;post_content&#8221;][et_pb_image src=&#8221;https:\/\/ciht.eu\/wp-content\/uploads\/2025\/10\/jelena-holenko-pirc-bio.jpg&#8221; title_text=&#8221;jelena-holenko-pirc-bio&#8221; _builder_version=&#8221;4.27.4&#8243; _module_preset=&#8221;default&#8221; hover_enabled=&#8221;0&#8243; border_radii=&#8221;on|20px|20px|20px|20px&#8221; global_colors_info=&#8221;{}&#8221; theme_builder_area=&#8221;post_content&#8221; sticky_enabled=&#8221;0&#8243;][\/et_pb_image][\/et_pb_column][et_pb_column type=&#8221;3_4&#8243; _builder_version=&#8221;4.27.4&#8243; _module_preset=&#8221;default&#8221; custom_padding=&#8221;|||2em|false|false&#8221; border_width_left=&#8221;2px&#8221; border_color_left=&#8221;#3aafbd&#8221; global_colors_info=&#8221;{}&#8221; theme_builder_area=&#8221;post_content&#8221;][et_pb_text _builder_version=&#8221;4.27.4&#8243; _module_preset=&#8221;default&#8221; header_2_font_size=&#8221;27px&#8221; hover_enabled=&#8221;0&#8243; header_2_font_size_tablet=&#8221;27px&#8221; header_2_font_size_phone=&#8221;27px&#8221; header_2_font_size_last_edited=&#8221;on|phone&#8221; global_colors_info=&#8221;{}&#8221; theme_builder_area=&#8221;post_content&#8221; sticky_enabled=&#8221;0&#8243;]<\/p>\n<h2>Jelena Holenko Pirc<\/h2>\n<h5>Lynx and Fox<\/h5>\n<p>[\/et_pb_text][et_pb_text _builder_version=&#8221;4.27.4&#8243; _module_preset=&#8221;default&#8221; hover_enabled=&#8221;0&#8243; global_colors_info=&#8221;{}&#8221; theme_builder_area=&#8221;post_content&#8221; sticky_enabled=&#8221;0&#8243;]<\/p>\n<p>Jelena Holenko Pirc turisti\u010dka je vodi\u010dica i osniva\u010dica boutique agencije Lynx and Fox, specijalizirane za interpretativne ture i autenti\u010dne do\u017eivljaje Gorskog kotara.<br \/>\nVi\u0161e od deset godina razvija stil vo\u0111enja koji spaja prirodne ljepote, ba\u0161tinu i odr\u017eive prakse, \u010dime zna\u010dajno doprinosi promociji regije kao zelene destinacije. <\/p>\n<p>Predsjednica je udruge Wondernature kroz koju vodi projekte odr\u017eivog razvoja, edukacije mladih i me\u0111unarodne suradnje, s naglaskom na kru\u017enu ekonomiju, \u017eensko poduzetni\u0161tvo i ja\u010danje zajednica. \u010cesta je predava\u010dica i panelistica, autorica na portalima Punkufer.hr i Turisti\u010dke pri\u010de te pokreta\u010dica brojnih kulturno-turisti\u010dkih manifestacija.<br \/>\nShe is a frequent lecturer and panelist, an author on the Punkufer.hr and Turisti\u010dke pri\u010de portals, and the initiator of numerous cultural and tourist events. <\/p>\n<p>[\/et_pb_text][\/et_pb_column][\/et_pb_row][\/et_pb_section]<\/p>\n","protected":false},"excerpt":{"rendered":"<p>Jelena Holenko Pirc Lynx and FoxJelena Holenko Pirc turisti\u010dka je vodi\u010dica i osniva\u010dica boutique agencije Lynx and Fox, specijalizirane za interpretativne ture i autenti\u010dne do\u017eivljaje Gorskog kotara. Vi\u0161e od deset godina razvija stil vo\u0111enja koji spaja prirodne ljepote, ba\u0161tinu i odr\u017eive prakse, \u010dime zna\u010dajno doprinosi promociji regije kao zelene destinacije. Predsjednica je udruge Wondernature kroz [&hellip;]<\/p>\n","protected":false},"author":1,"featured_media":0,"comment_status":"closed","ping_status":"open","sticky":false,"template":"","format":"standard","meta":{"_et_pb_use_builder":"on","_et_pb_old_content":"","_et_gb_content_width":"","footnotes":""},"categories":[20],"tags":[],"class_list":["post-22166","post","type-post","status-publish","format-standard","hentry","category-speakers-hr"],"_links":{"self":[{"href":"https:\/\/ciht.eu\/hr\/wp-json\/wp\/v2\/posts\/22166","targetHints":{"allow":["GET"]}}],"collection":[{"href":"https:\/\/ciht.eu\/hr\/wp-json\/wp\/v2\/posts"}],"about":[{"href":"https:\/\/ciht.eu\/hr\/wp-json\/wp\/v2\/types\/post"}],"author":[{"embeddable":true,"href":"https:\/\/ciht.eu\/hr\/wp-json\/wp\/v2\/users\/1"}],"replies":[{"embeddable":true,"href":"https:\/\/ciht.eu\/hr\/wp-json\/wp\/v2\/comments?post=22166"}],"version-history":[{"count":2,"href":"https:\/\/ciht.eu\/hr\/wp-json\/wp\/v2\/posts\/22166\/revisions"}],"predecessor-version":[{"id":22168,"href":"https:\/\/ciht.eu\/hr\/wp-json\/wp\/v2\/posts\/22166\/revisions\/22168"}],"wp:attachment":[{"href":"https:\/\/ciht.eu\/hr\/wp-json\/wp\/v2\/media?parent=22166"}],"wp:term":[{"taxonomy":"category","embeddable":true,"href":"https:\/\/ciht.eu\/hr\/wp-json\/wp\/v2\/categories?post=22166"},{"taxonomy":"post_tag","embeddable":true,"href":"https:\/\/ciht.eu\/hr\/wp-json\/wp\/v2\/tags?post=22166"}],"curies":[{"name":"wp","href":"https:\/\/api.w.org\/{rel}","templated":true}]}}