{"id":22169,"date":"2025-10-02T16:24:04","date_gmt":"2025-10-02T14:24:04","guid":{"rendered":"https:\/\/ciht.eu\/damir-medved\/"},"modified":"2025-10-03T15:32:05","modified_gmt":"2025-10-03T13:32:05","slug":"damir-medved","status":"publish","type":"post","link":"https:\/\/ciht.eu\/hr\/damir-medved\/","title":{"rendered":"Damir Medved"},"content":{"rendered":"<p>[et_pb_section fb_built=&#8221;1&#8243; _builder_version=&#8221;4.27.4&#8243; _module_preset=&#8221;default&#8221; custom_padding=&#8221;0px||||false|false&#8221; global_colors_info=&#8221;{}&#8221; theme_builder_area=&#8221;post_content&#8221;][et_pb_row column_structure=&#8221;1_4,3_4&#8243; make_equal=&#8221;on&#8221; _builder_version=&#8221;4.27.4&#8243; _module_preset=&#8221;default&#8221; global_colors_info=&#8221;{}&#8221; theme_builder_area=&#8221;post_content&#8221;][et_pb_column type=&#8221;1_4&#8243; _builder_version=&#8221;4.27.4&#8243; _module_preset=&#8221;default&#8221; global_colors_info=&#8221;{}&#8221; theme_builder_area=&#8221;post_content&#8221;][et_pb_image src=&#8221;https:\/\/ciht.eu\/wp-content\/uploads\/2025\/10\/damir-medved-bio.jpg&#8221; title_text=&#8221;damir-medved-bio&#8221; _builder_version=&#8221;4.27.4&#8243; _module_preset=&#8221;default&#8221; hover_enabled=&#8221;0&#8243; border_radii=&#8221;on|20px|20px|20px|20px&#8221; global_colors_info=&#8221;{}&#8221; theme_builder_area=&#8221;post_content&#8221; sticky_enabled=&#8221;0&#8243;][\/et_pb_image][\/et_pb_column][et_pb_column type=&#8221;3_4&#8243; _builder_version=&#8221;4.27.4&#8243; _module_preset=&#8221;default&#8221; custom_padding=&#8221;|||2em|false|false&#8221; border_width_left=&#8221;2px&#8221; border_color_left=&#8221;#3aafbd&#8221; global_colors_info=&#8221;{}&#8221; theme_builder_area=&#8221;post_content&#8221;][et_pb_text _builder_version=&#8221;4.27.4&#8243; _module_preset=&#8221;default&#8221; header_2_font_size=&#8221;27px&#8221; hover_enabled=&#8221;0&#8243; header_2_font_size_tablet=&#8221;27px&#8221; header_2_font_size_phone=&#8221;27px&#8221; header_2_font_size_last_edited=&#8221;on|phone&#8221; global_colors_info=&#8221;{}&#8221; theme_builder_area=&#8221;post_content&#8221; sticky_enabled=&#8221;0&#8243;]<\/p>\n<h2>Damir Medved<\/h2>\n<h5>UNIRI &#8211; EDIH ADRIA<\/h5>\n<p>[\/et_pb_text][et_pb_text _builder_version=&#8221;4.27.4&#8243; _module_preset=&#8221;default&#8221; hover_enabled=&#8221;0&#8243; global_colors_info=&#8221;{}&#8221; theme_builder_area=&#8221;post_content&#8221; sticky_enabled=&#8221;0&#8243;]<\/p>\n<p>Damir Medved zaposlen je na Sveu\u010dili\u0161tu u Rijeci kao direktor projekta EDIH ADRIA (European Digital Innovation HUB), \u010diji je glavni cilj omogu\u0107iti malim poduzetnicima i jedinicama lokalne samouprave ubrzanje procesa digitalizacije njihovih organizacija, ubrzanje procesa inovacija, mogu\u0107nost testiranja ideja i rje\u0161enja prije po\u010detka investicijskog procesa i druge srodne aktivnosti. U stru\u010dnom i znanstvenom kontekstu bavi se temama poput energetske tranzicije, odr\u017eivog razvoja, gra\u0111anske energije, pametnih gradova, \u0161irokopojasnih mre\u017ea, utjecaja robotizacije i umjetne inteligencije na razvoj dru\u0161tva i stvaranja novih proizvoda u tim domenama. <\/p>\n<p>Tako\u0111er je aktivan u nizu udruga civilnog dru\u0161tva s ciljem promicanja i o\u010duvanja lokalne ba\u0161tine, ekologije i promocije novih tehnologija u tim podru\u010djima. Godine 2017. progla\u0161en je i volonterom godine u Gradu Rijeci. <\/p>\n<p>[\/et_pb_text][\/et_pb_column][\/et_pb_row][\/et_pb_section]<\/p>\n","protected":false},"excerpt":{"rendered":"<p>Damir Medved UNIRI &#8211; EDIH ADRIADamir Medved zaposlen je na Sveu\u010dili\u0161tu u Rijeci kao direktor projekta EDIH ADRIA (European Digital Innovation HUB), \u010diji je glavni cilj omogu\u0107iti malim poduzetnicima i jedinicama lokalne samouprave ubrzanje procesa digitalizacije njihovih organizacija, ubrzanje procesa inovacija, mogu\u0107nost testiranja ideja i rje\u0161enja prije po\u010detka investicijskog procesa i druge srodne aktivnosti. U [&hellip;]<\/p>\n","protected":false},"author":1,"featured_media":0,"comment_status":"closed","ping_status":"open","sticky":false,"template":"","format":"standard","meta":{"_et_pb_use_builder":"on","_et_pb_old_content":"","_et_gb_content_width":"","footnotes":""},"categories":[20],"tags":[],"class_list":["post-22169","post","type-post","status-publish","format-standard","hentry","category-speakers-hr"],"_links":{"self":[{"href":"https:\/\/ciht.eu\/hr\/wp-json\/wp\/v2\/posts\/22169","targetHints":{"allow":["GET"]}}],"collection":[{"href":"https:\/\/ciht.eu\/hr\/wp-json\/wp\/v2\/posts"}],"about":[{"href":"https:\/\/ciht.eu\/hr\/wp-json\/wp\/v2\/types\/post"}],"author":[{"embeddable":true,"href":"https:\/\/ciht.eu\/hr\/wp-json\/wp\/v2\/users\/1"}],"replies":[{"embeddable":true,"href":"https:\/\/ciht.eu\/hr\/wp-json\/wp\/v2\/comments?post=22169"}],"version-history":[{"count":2,"href":"https:\/\/ciht.eu\/hr\/wp-json\/wp\/v2\/posts\/22169\/revisions"}],"predecessor-version":[{"id":22171,"href":"https:\/\/ciht.eu\/hr\/wp-json\/wp\/v2\/posts\/22169\/revisions\/22171"}],"wp:attachment":[{"href":"https:\/\/ciht.eu\/hr\/wp-json\/wp\/v2\/media?parent=22169"}],"wp:term":[{"taxonomy":"category","embeddable":true,"href":"https:\/\/ciht.eu\/hr\/wp-json\/wp\/v2\/categories?post=22169"},{"taxonomy":"post_tag","embeddable":true,"href":"https:\/\/ciht.eu\/hr\/wp-json\/wp\/v2\/tags?post=22169"}],"curies":[{"name":"wp","href":"https:\/\/api.w.org\/{rel}","templated":true}]}}