{"id":22221,"date":"2025-10-03T13:07:45","date_gmt":"2025-10-03T11:07:45","guid":{"rendered":"https:\/\/ciht.eu\/vladimir-mozetic\/"},"modified":"2025-10-20T09:43:37","modified_gmt":"2025-10-20T07:43:37","slug":"vladimir-mozetic","status":"publish","type":"post","link":"https:\/\/ciht.eu\/hr\/vladimir-mozetic\/","title":{"rendered":"Vladimir Mozeti\u010d"},"content":{"rendered":"<p>[et_pb_section fb_built=&#8221;1&#8243; _builder_version=&#8221;4.27.4&#8243; _module_preset=&#8221;default&#8221; custom_padding=&#8221;0px||||false|false&#8221; global_colors_info=&#8221;{}&#8221;][et_pb_row column_structure=&#8221;1_4,3_4&#8243; make_equal=&#8221;on&#8221; _builder_version=&#8221;4.27.4&#8243; _module_preset=&#8221;default&#8221; global_colors_info=&#8221;{}&#8221;][et_pb_column type=&#8221;1_4&#8243; _builder_version=&#8221;4.27.4&#8243; _module_preset=&#8221;default&#8221; global_colors_info=&#8221;{}&#8221;][et_pb_image src=&#8221;https:\/\/ciht.eu\/wp-content\/uploads\/2025\/10\/VLADIMIR-MOZETIC-PHOTO-002.jpg&#8221; title_text=&#8221;VLADIMIR MOZETIC PHOTO (002)&#8221; _builder_version=&#8221;4.27.4&#8243; _module_preset=&#8221;default&#8221; hover_enabled=&#8221;0&#8243; border_radii=&#8221;on|20px|20px|20px|20px&#8221; global_colors_info=&#8221;{}&#8221; sticky_enabled=&#8221;0&#8243;][\/et_pb_image][\/et_pb_column][et_pb_column type=&#8221;3_4&#8243; _builder_version=&#8221;4.27.4&#8243; _module_preset=&#8221;default&#8221; custom_padding=&#8221;|||2em|false|false&#8221; border_width_left=&#8221;2px&#8221; border_color_left=&#8221;#3aafbd&#8221; global_colors_info=&#8221;{}&#8221;][et_pb_text _builder_version=&#8221;4.27.4&#8243; _module_preset=&#8221;default&#8221; header_2_font_size=&#8221;27px&#8221; header_2_font_size_tablet=&#8221;27px&#8221; header_2_font_size_phone=&#8221;27px&#8221; header_2_font_size_last_edited=&#8221;on|phone&#8221; global_colors_info=&#8221;{}&#8221;]<\/p>\n<h2>Vladimir Mozeti\u010d<\/h2>\n<h5>Klaster zdravstvenog turizma Kvarnera<\/h5>\n<p>[\/et_pb_text][et_pb_text _builder_version=&#8221;4.27.4&#8243; _module_preset=&#8221;default&#8221; global_colors_info=&#8221;{}&#8221;]<\/p>\n<p>Vladimir Mozeti\u010d ro\u0111en je 1967. godine u Rijeci. Specijalist je urologije i subspecijalist andrologije i urolo\u0161ke onkologije, te sveu\u010dili\u0161ni magistar zdravstvenog menad\u017ementa. Tijekom vi\u0161e od trideset godina radnog sta\u017ea radio je kao urolog, te bio ravnatelj u nekoliko javnih i privatnih zdravstvenih ustanova. Suosniva\u010d je i urolog u Poliklinici Primari u Rijeci.   <\/p>\n<p>Predsjednik je Klastera zdravstvenog turizma Kvarnera i dopredsjednik Zajednice zdravstvenog turizma pri Hrvatskoj gospodarskoj komori. \u010clan je Europske urolo\u0161ke asocijacije, Upravnog odbora Hrvatskog urolo\u0161kog dru\u0161tva i Upravnog odbora Hrvatskog dru\u0161tva za poslovnu etiku i zdravstvenu ekonomiku Hrvatskog lije\u010dni\u010dkog zbora. <\/p>\n<p>Predava\u010d je pri vi\u0161e fakulteta i poslovnih \u0161kola iz podru\u010dja urologije i zdravstvenog menad\u017ementa. Autor i koautor je u vi\u0161e desetaka znanstvenih i stru\u010dnih radova, te poglavlja u nekoliko priru\u010dnika, knjiga i sveu\u010dili\u0161nih ud\u017ebenika. <\/p>\n<p>[\/et_pb_text][\/et_pb_column][\/et_pb_row][\/et_pb_section]<\/p>\n","protected":false},"excerpt":{"rendered":"<p>Vladimir Mozeti\u010d Klaster zdravstvenog turizma KvarneraVladimir Mozeti\u010d ro\u0111en je 1967. godine u Rijeci. Specijalist je urologije i subspecijalist andrologije i urolo\u0161ke onkologije, te sveu\u010dili\u0161ni magistar zdravstvenog menad\u017ementa. Tijekom vi\u0161e od trideset godina radnog sta\u017ea radio je kao urolog, te bio ravnatelj u nekoliko javnih i privatnih zdravstvenih ustanova. Suosniva\u010d je i urolog u Poliklinici Primari [&hellip;]<\/p>\n","protected":false},"author":1,"featured_media":0,"comment_status":"closed","ping_status":"open","sticky":false,"template":"","format":"standard","meta":{"_et_pb_use_builder":"on","_et_pb_old_content":"","_et_gb_content_width":"","footnotes":""},"categories":[20],"tags":[],"class_list":["post-22221","post","type-post","status-publish","format-standard","hentry","category-speakers-hr"],"_links":{"self":[{"href":"https:\/\/ciht.eu\/hr\/wp-json\/wp\/v2\/posts\/22221","targetHints":{"allow":["GET"]}}],"collection":[{"href":"https:\/\/ciht.eu\/hr\/wp-json\/wp\/v2\/posts"}],"about":[{"href":"https:\/\/ciht.eu\/hr\/wp-json\/wp\/v2\/types\/post"}],"author":[{"embeddable":true,"href":"https:\/\/ciht.eu\/hr\/wp-json\/wp\/v2\/users\/1"}],"replies":[{"embeddable":true,"href":"https:\/\/ciht.eu\/hr\/wp-json\/wp\/v2\/comments?post=22221"}],"version-history":[{"count":5,"href":"https:\/\/ciht.eu\/hr\/wp-json\/wp\/v2\/posts\/22221\/revisions"}],"predecessor-version":[{"id":22582,"href":"https:\/\/ciht.eu\/hr\/wp-json\/wp\/v2\/posts\/22221\/revisions\/22582"}],"wp:attachment":[{"href":"https:\/\/ciht.eu\/hr\/wp-json\/wp\/v2\/media?parent=22221"}],"wp:term":[{"taxonomy":"category","embeddable":true,"href":"https:\/\/ciht.eu\/hr\/wp-json\/wp\/v2\/categories?post=22221"},{"taxonomy":"post_tag","embeddable":true,"href":"https:\/\/ciht.eu\/hr\/wp-json\/wp\/v2\/tags?post=22221"}],"curies":[{"name":"wp","href":"https:\/\/api.w.org\/{rel}","templated":true}]}}