{"id":22660,"date":"2025-10-20T15:47:53","date_gmt":"2025-10-20T13:47:53","guid":{"rendered":"https:\/\/ciht.eu\/vlasta-brozicevic\/"},"modified":"2025-10-20T15:55:16","modified_gmt":"2025-10-20T13:55:16","slug":"vlasta-brozicevic","status":"publish","type":"post","link":"https:\/\/ciht.eu\/hr\/vlasta-brozicevic\/","title":{"rendered":"Vlasta Brozi\u010devi\u0107"},"content":{"rendered":"<p>[et_pb_section fb_built=&#8221;1&#8243; _builder_version=&#8221;4.27.4&#8243; _module_preset=&#8221;default&#8221; custom_padding=&#8221;0px||||false|false&#8221; global_colors_info=&#8221;{}&#8221;][et_pb_row column_structure=&#8221;1_4,3_4&#8243; make_equal=&#8221;on&#8221; _builder_version=&#8221;4.27.4&#8243; _module_preset=&#8221;default&#8221; global_colors_info=&#8221;{}&#8221;][et_pb_column type=&#8221;1_4&#8243; _builder_version=&#8221;4.27.4&#8243; _module_preset=&#8221;default&#8221; global_colors_info=&#8221;{}&#8221;][et_pb_image src=&#8221;https:\/\/ciht.eu\/wp-content\/uploads\/2025\/10\/vlasta-brozicevic-bio.jpg&#8221; title_text=&#8221;vlasta-brozicevic-bio&#8221; _builder_version=&#8221;4.27.4&#8243; _module_preset=&#8221;default&#8221; hover_enabled=&#8221;0&#8243; border_radii=&#8221;on|20px|20px|20px|20px&#8221; global_colors_info=&#8221;{}&#8221; sticky_enabled=&#8221;0&#8243;][\/et_pb_image][\/et_pb_column][et_pb_column type=&#8221;3_4&#8243; _builder_version=&#8221;4.27.4&#8243; _module_preset=&#8221;default&#8221; custom_padding=&#8221;|||2em|false|false&#8221; border_width_left=&#8221;2px&#8221; border_color_left=&#8221;#3aafbd&#8221; global_colors_info=&#8221;{}&#8221;][et_pb_text _builder_version=&#8221;4.27.4&#8243; _module_preset=&#8221;default&#8221; header_2_font_size=&#8221;27px&#8221; hover_enabled=&#8221;0&#8243; header_2_font_size_tablet=&#8221;27px&#8221; header_2_font_size_phone=&#8221;27px&#8221; header_2_font_size_last_edited=&#8221;on|phone&#8221; global_colors_info=&#8221;{}&#8221; sticky_enabled=&#8221;0&#8243;]<\/p>\n<h2>Vlasta Brozi\u010devi\u0107<\/h2>\n<h5>Terme Selce<\/h5>\n<p>[\/et_pb_text][et_pb_text _builder_version=&#8221;4.27.4&#8243; _module_preset=&#8221;default&#8221; hover_enabled=&#8221;0&#8243; global_colors_info=&#8221;{}&#8221; sticky_enabled=&#8221;0&#8243;]<\/p>\n<p>Primarijus Vlasta Brozi\u010devi\u0107, doktorica, specijalistica fizikalne medicine i rehabilitacije, reumatologije.<br \/>Prije 37 godina suosniva\u010dica 1. privatnog poduze\u0107a za zdravstveni turizam Terme \u2013 Selce i 1. privatne poliklinike za fizikalnu medicinu i rehabilitaciju \u2013 Terme u Selcu, voditeljica programa za zdrastveni turizma i sport, \u010clanica Zdravstvene komisije pri HOO-u i FIS-u, lije\u010dnica Hrvatskog skija\u0161kog tima. Prisustvovala na 6 Olimpijskih igara. <\/p>\n<p>Autorica, su-autorica i predava\u010dica na mnogim me\u0111unarodnim kongresima. Ambasadorica projekta Kvarner \u2013 Europska regija gastronomije 2026., temeljem inicijative &#8216;Mediteranska prehrana \u2013 u turisti\u010dkoj ponudi crikveni\u010dke rivijere&#8217;, iz 1993. Poliklinika Terme je Partner ustanova HOO-a. Poliklinika Terme je suosniva\u010d Klastera zdravstvenog turizma.   <\/p>\n<p>[\/et_pb_text][\/et_pb_column][\/et_pb_row][\/et_pb_section]<\/p>\n","protected":false},"excerpt":{"rendered":"<p>Vlasta Brozi\u010devi\u0107 Terme SelcePrimarijus Vlasta Brozi\u010devi\u0107, doktorica, specijalistica fizikalne medicine i rehabilitacije, reumatologije.Prije 37 godina suosniva\u010dica 1. privatnog poduze\u0107a za zdravstveni turizam Terme \u2013 Selce i 1. privatne poliklinike za fizikalnu medicinu i rehabilitaciju \u2013 Terme u Selcu, voditeljica programa za zdrastveni turizma i sport, \u010clanica Zdravstvene komisije pri HOO-u i FIS-u, lije\u010dnica Hrvatskog skija\u0161kog [&hellip;]<\/p>\n","protected":false},"author":1,"featured_media":0,"comment_status":"closed","ping_status":"open","sticky":false,"template":"","format":"standard","meta":{"_et_pb_use_builder":"on","_et_pb_old_content":"","_et_gb_content_width":"","footnotes":""},"categories":[20],"tags":[],"class_list":["post-22660","post","type-post","status-publish","format-standard","hentry","category-speakers-hr"],"_links":{"self":[{"href":"https:\/\/ciht.eu\/hr\/wp-json\/wp\/v2\/posts\/22660","targetHints":{"allow":["GET"]}}],"collection":[{"href":"https:\/\/ciht.eu\/hr\/wp-json\/wp\/v2\/posts"}],"about":[{"href":"https:\/\/ciht.eu\/hr\/wp-json\/wp\/v2\/types\/post"}],"author":[{"embeddable":true,"href":"https:\/\/ciht.eu\/hr\/wp-json\/wp\/v2\/users\/1"}],"replies":[{"embeddable":true,"href":"https:\/\/ciht.eu\/hr\/wp-json\/wp\/v2\/comments?post=22660"}],"version-history":[{"count":2,"href":"https:\/\/ciht.eu\/hr\/wp-json\/wp\/v2\/posts\/22660\/revisions"}],"predecessor-version":[{"id":22662,"href":"https:\/\/ciht.eu\/hr\/wp-json\/wp\/v2\/posts\/22660\/revisions\/22662"}],"wp:attachment":[{"href":"https:\/\/ciht.eu\/hr\/wp-json\/wp\/v2\/media?parent=22660"}],"wp:term":[{"taxonomy":"category","embeddable":true,"href":"https:\/\/ciht.eu\/hr\/wp-json\/wp\/v2\/categories?post=22660"},{"taxonomy":"post_tag","embeddable":true,"href":"https:\/\/ciht.eu\/hr\/wp-json\/wp\/v2\/tags?post=22660"}],"curies":[{"name":"wp","href":"https:\/\/api.w.org\/{rel}","templated":true}]}}